{"id":1281,"date":"2020-07-01T08:52:00","date_gmt":"2020-07-01T06:52:00","guid":{"rendered":"http:\/\/ayuntamientodeubeda.com\/fondosfeder\/?p=1281"},"modified":"2023-04-17T08:54:23","modified_gmt":"2023-04-17T06:54:23","slug":"reunion-con-los-vecinos-y-propietarios-de-establecimientos-de-la-calle-corredera-de-san-fernando-para-explicarles-el-proyecto-de-rehabilitacion-2","status":"publish","type":"post","link":"http:\/\/ayuntamientodeubeda.com\/fondosfeder\/reunion-con-los-vecinos-y-propietarios-de-establecimientos-de-la-calle-corredera-de-san-fernando-para-explicarles-el-proyecto-de-rehabilitacion-2\/","title":{"rendered":"Reuni\u00f3n con los vecinos y propietarios de establecimientos de la calle corredera de San Fernando para explicarles el proyecto de rehabilitaci\u00f3n"},"content":{"rendered":"\n<h2 class=\"has-text-align-center wp-block-heading\">El proyecto de mejora y adecuaci\u00f3n est\u00e1 enmarcado en la Estrategia de Desarrollo Urbano Sostenible e Integrado y cuenta con un presupuesto cercano a los 1,7 millones de euros<\/h2>\n\n\n\n<figure class=\"wp-block-image size-full\"><img loading=\"lazy\" decoding=\"async\" width=\"893\" height=\"175\" src=\"http:\/\/ayuntamientodeubeda.com\/fondosfeder\/wp-content\/uploads\/2020\/11\/Encabezado-EDUSI-jpg.jpg\" alt=\"\" class=\"wp-image-853\" srcset=\"http:\/\/ayuntamientodeubeda.com\/fondosfeder\/wp-content\/uploads\/2020\/11\/Encabezado-EDUSI-jpg.jpg 893w, http:\/\/ayuntamientodeubeda.com\/fondosfeder\/wp-content\/uploads\/2020\/11\/Encabezado-EDUSI-jpg-300x59.jpg 300w, http:\/\/ayuntamientodeubeda.com\/fondosfeder\/wp-content\/uploads\/2020\/11\/Encabezado-EDUSI-jpg-768x151.jpg 768w\" sizes=\"(max-width: 893px) 100vw, 893px\" \/><\/figure>\n\n\n\n<p><strong>\u00dabeda, 1 de julio 2020.<\/strong> La Sala Julio Corzo del Hospital de Santiago ha acogido esta tarde la reuni\u00f3n con los vecinos y propietarios de la calle Corredera de San Fernando, v\u00eda que ser\u00e1 rehabilitada gracias a la cofinanciaci\u00f3n para el proyecto de los Fondos Feder, dentro de la Estrategia de Desarrollo Urbano Sostenible e Integrado de \u00dabeda y Baeza, y que cuenta con un presupuesto aproximado a 1,7 millones de euros.<\/p>\n\n\n\n<p>Este encuentro, ha confirmado la alcaldesa de \u00dabeda, responde a una metodolog\u00eda habitual de este equipo de gobierno, puesto que involucra a la propia ciudadan\u00eda en el conocimiento pleno de las obras que se van a realizar en la ciudad y que les afecta de una manera directa, bien por ser vecinos del lugar o por tener alg\u00fan negocio en zona de actuaci\u00f3n.<\/p>\n\n\n\n<figure class=\"wp-block-image size-large\"><img loading=\"lazy\" decoding=\"async\" width=\"1024\" height=\"768\" src=\"http:\/\/ayuntamientodeubeda.com\/fondosfeder\/wp-content\/uploads\/2023\/04\/REUNION-CORREDERA-2-1024x768.jpg\" alt=\"\" class=\"wp-image-1282\" srcset=\"http:\/\/ayuntamientodeubeda.com\/fondosfeder\/wp-content\/uploads\/2023\/04\/REUNION-CORREDERA-2-980x735.jpg 980w, http:\/\/ayuntamientodeubeda.com\/fondosfeder\/wp-content\/uploads\/2023\/04\/REUNION-CORREDERA-2-480x360.jpg 480w\" sizes=\"(min-width: 0px) and (max-width: 480px) 480px, (min-width: 481px) and (max-width: 980px) 980px, (min-width: 981px) 1024px, 100vw\" \/><\/figure>\n\n\n\n<p>Y es que, como ha insistido Olivares estas reuniones dan la posibilidad directa de explicarles el proyecto de obra de primera mano, avanzarles los plazos de ejecuci\u00f3n, atender dudas&nbsp; y recoger sugerencias.<\/p>\n\n\n\n<p>La regidora local ha continuado resaltado que la obra en la Corredera de San Fernando se trataba de una intervenci\u00f3n muy demandada por la ciudadan\u00eda ubetense, puesto que es una de las principales calles comerciales y nexo de uni\u00f3n entre la Plaza de Andaluc\u00eda y Mercado de Abastos, eje en el que, adem\u00e1s, concluye el Centro Comercial Abierto de nuestra localidad. Su rehabilitaci\u00f3n responde al firme compromiso del equipo de gobierno de generar una mejor imagen de la zona y reactivar as\u00ed esta calle que siempre se ha caracterizado por su gran actividad comercial.<\/p>\n\n\n\n<figure class=\"wp-block-image size-large\"><img loading=\"lazy\" decoding=\"async\" width=\"1024\" height=\"768\" src=\"http:\/\/ayuntamientodeubeda.com\/fondosfeder\/wp-content\/uploads\/2023\/04\/REUNION-CORREDERA-1024x768.jpg\" alt=\"\" class=\"wp-image-1283\" srcset=\"http:\/\/ayuntamientodeubeda.com\/fondosfeder\/wp-content\/uploads\/2023\/04\/REUNION-CORREDERA-980x735.jpg 980w, http:\/\/ayuntamientodeubeda.com\/fondosfeder\/wp-content\/uploads\/2023\/04\/REUNION-CORREDERA-480x360.jpg 480w\" sizes=\"(min-width: 0px) and (max-width: 480px) 480px, (min-width: 481px) and (max-width: 980px) 980px, (min-width: 981px) 1024px, 100vw\" \/><\/figure>\n\n\n\n<p>La intervenci\u00f3n, ha continuado explicando Antonia Olivares, prev\u00e9 tanto la actuaci\u00f3n en el plano superficial, atendiendo a las indicaciones del PGOU y el PEPCH, como a nivel de infraestructuras de suministros (agua, electricidad, saneamiento, telefon\u00eda, gas,\u2026). El proceso de licitaci\u00f3n, ha concluido diciendo la alcaldesa, comenzar\u00e1 en breve.<\/p>\n ","protected":false},"excerpt":{"rendered":"<p>El proyecto de mejora y adecuaci\u00f3n est\u00e1 enmarcado en la Estrategia de Desarrollo Urbano Sostenible e Integrado y cuenta con un presupuesto cercano a los 1,7 millones de euros \u00dabeda, 1 de julio 2020. La Sala Julio Corzo del Hospital de Santiago ha acogido esta tarde la reuni\u00f3n con los vecinos y propietarios de la [&hellip;]<\/p>\n","protected":false},"author":1,"featured_media":0,"comment_status":"closed","ping_status":"open","sticky":false,"template":"","format":"standard","meta":{"_et_pb_use_builder":"off","_et_pb_old_content":"","_et_gb_content_width":"","footnotes":""},"categories":[1],"tags":[],"class_list":["post-1281","post","type-post","status-publish","format-standard","hentry","category-sin-categoria"],"_links":{"self":[{"href":"http:\/\/ayuntamientodeubeda.com\/fondosfeder\/wp-json\/wp\/v2\/posts\/1281"}],"collection":[{"href":"http:\/\/ayuntamientodeubeda.com\/fondosfeder\/wp-json\/wp\/v2\/posts"}],"about":[{"href":"http:\/\/ayuntamientodeubeda.com\/fondosfeder\/wp-json\/wp\/v2\/types\/post"}],"author":[{"embeddable":true,"href":"http:\/\/ayuntamientodeubeda.com\/fondosfeder\/wp-json\/wp\/v2\/users\/1"}],"replies":[{"embeddable":true,"href":"http:\/\/ayuntamientodeubeda.com\/fondosfeder\/wp-json\/wp\/v2\/comments?post=1281"}],"version-history":[{"count":1,"href":"http:\/\/ayuntamientodeubeda.com\/fondosfeder\/wp-json\/wp\/v2\/posts\/1281\/revisions"}],"predecessor-version":[{"id":1284,"href":"http:\/\/ayuntamientodeubeda.com\/fondosfeder\/wp-json\/wp\/v2\/posts\/1281\/revisions\/1284"}],"wp:attachment":[{"href":"http:\/\/ayuntamientodeubeda.com\/fondosfeder\/wp-json\/wp\/v2\/media?parent=1281"}],"wp:term":[{"taxonomy":"category","embeddable":true,"href":"http:\/\/ayuntamientodeubeda.com\/fondosfeder\/wp-json\/wp\/v2\/categories?post=1281"},{"taxonomy":"post_tag","embeddable":true,"href":"http:\/\/ayuntamientodeubeda.com\/fondosfeder\/wp-json\/wp\/v2\/tags?post=1281"}],"curies":[{"name":"wp","href":"https:\/\/api.w.org\/{rel}","templated":true}]}}